{"id":26758,"date":"2023-09-19T15:21:27","date_gmt":"2023-09-19T15:21:27","guid":{"rendered":"https:\/\/www.bakeca.it\/blog\/?p=26758"},"modified":"2023-11-15T09:04:21","modified_gmt":"2023-11-15T09:04:21","slug":"equinozio-dautunno-i-festeggiamenti-nel-mondo","status":"publish","type":"post","link":"https:\/\/www.bakeca.it\/blog\/equinozio-dautunno-i-festeggiamenti-nel-mondo\/","title":{"rendered":"Equinozio d&#8217;autunno &#8211; i festeggiamenti nel mondo"},"content":{"rendered":"\n<p>\u00abLa lenta morte dell\u2019anno non \u00e8 per lui che un bel gioco, e per gli uomini che ne fanno al tramonto un lieto fuoco\u00bb, scriveva Gianni Rodari dell&#8217;autunno. Gli alberi si spogliano, si svuotano le messi. Non \u00e8 un caso che proprio questa stagione sia associata da tempo immemorabile alla morte, alla trasformazione, e infine alla rinascita. L&#8217;autunno, con i suoi colori caldi e le sue piogge vive, ci insegna che bisogna spogliarsi di ogni cosa per poter rifiorire. E questo valore simbolico cos\u00ec potente trova la sua massima espressione, in ogni latitudine e in ogni tempo, nelle <strong>celebrazioni dell&#8217;equinozio d&#8217;autunno<\/strong>, cos\u00ec come in alcune feste stagionali successive all&#8217;equinozio. Abbiamo raccolto qui le nostre feste preferite. Ma prima, qualche cenno sull&#8217;equinozio di quest&#8217;anno.<\/p>\n\n\n\n<div class=\"wp-block-buttons is-layout-flex wp-block-buttons-is-layout-flex\">\n<div class=\"wp-block-button\"><a class=\"wp-block-button__link wp-element-button\" href=\"https:\/\/www.bakeca.it\/blog\/solstizio-destate-celebrazioni-e-rituali-dal-mondo\/\" target=\"_blank\" rel=\"noreferrer noopener\">Leggi il nostro articolo sul solstizio d&#8217;estate<\/a><\/div>\n<\/div>\n\n\n\n<h2 class=\"wp-block-heading\">Equinozio d&#8217;autunno: quando avviene?<\/h2>\n\n\n\n<p>Gli equinozi sono i due momenti dell&#8217;anno in cui il giorno e la notte hanno la stessa durata. Il loro arrivo corrisponde con l&#8217;inizio dell&#8217;autunno e della primavera. \u00c8 una credenza comune che l&#8217;equinozio d&#8217;autunno nell&#8217;emisfero boreale avvenga il 21 settembre. In realt\u00e0, l&#8217;equinozio cade normalmente il 22 o il 23 di settembre, e solo in rarissimi casi il 21. L&#8217;orario varia di paese in paese. Quest&#8217;anno, <strong>l&#8217;autunno arriver\u00e0 ufficialmente in Italia il 23 settembre alle 8.49 del mattino.<\/strong><\/p>\n\n\n\n<p>Adesso che sapete quando, non vi resta che decidere come festeggiare. Ecco qualche tradizione da cui potete prendere spunto. <\/p>\n\n\n\n<figure class=\"wp-block-image aligncenter size-large is-resized\"><img loading=\"lazy\" decoding=\"async\" src=\"https:\/\/www.bakeca.it\/blog\/public\/uploads\/2023\/09\/timothy-eberly-yuiJO6bvHi4-unsplash-1024x683.jpg\" alt=\"\" class=\"wp-image-26805\" width=\"768\" height=\"512\" srcset=\"https:\/\/www.bakeca.it\/blog\/public\/uploads\/2023\/09\/timothy-eberly-yuiJO6bvHi4-unsplash-1024x683.jpg 1024w, https:\/\/www.bakeca.it\/blog\/public\/uploads\/2023\/09\/timothy-eberly-yuiJO6bvHi4-unsplash-300x200.jpg 300w, https:\/\/www.bakeca.it\/blog\/public\/uploads\/2023\/09\/timothy-eberly-yuiJO6bvHi4-unsplash-768x512.jpg 768w, https:\/\/www.bakeca.it\/blog\/public\/uploads\/2023\/09\/timothy-eberly-yuiJO6bvHi4-unsplash-1536x1024.jpg 1536w, https:\/\/www.bakeca.it\/blog\/public\/uploads\/2023\/09\/timothy-eberly-yuiJO6bvHi4-unsplash.jpg 1920w\" sizes=\"auto, (max-width: 768px) 100vw, 768px\" \/><\/figure>\n\n\n\n<h2 class=\"wp-block-heading\"><strong>1. Giappone &#8211; Higan<\/strong><\/h2>\n\n\n\n<p>In Giappone, entrambi gli equinozi corrispondono con la celebrazione dell&#8217;Higan. Questa parola significa originariamente riva lontana, e indica l&#8217;illuminazione spirituale anelata da chi pratica il buddismo. L&#8217;Higan dura una settimana, e comprende i tre giorni precedenti e successivi all&#8217;equinozio. Durante questo periodo le famiglie visitano i cimiteri per onorare gli antenati. Si omaggiano le tombe con fiori e incenso e si prega di poter raggiungere le anime dei defunti nell&#8217;illuminazione. <strong>L&#8217;Higan \u00e8 un momento per riflettere sulla transitoriet\u00e0 delle cose.<\/strong> Il cambiamento delle stagioni \u00e8 per un simbolo che anche la propria vita va cambiata per raggiungere l&#8217;illuminazione. <\/p>\n\n\n\n<h2 class=\"wp-block-heading\"><strong>2. Messico &#8211; D\u00eda de los Muertos<\/strong><\/h2>\n\n\n\n<p>Anche se cade a circa un mese dall&#8217;equinozio, il D\u00eda de los Muertos (giorno dei morti) \u00e8 una delle pi\u00f9 famose celebrazioni dell&#8217;autunno. Durante questa festa, che si svolge tra il 31 ottobre e il 2 novembre,  le famiglie allestiscono altari commemorativi e decorano le tombe dei loro defunti. Ma non fatevi ingannare dal nome un po&#8217; macabro! I cibi tradizionali come il pan de muerto e le processioni in costume rendono questa festa <strong>una delle pi\u00f9 colorate e gioiose al mondo!<\/strong><\/p>\n\n\n\n<figure class=\"wp-block-image aligncenter size-large is-resized\"><img loading=\"lazy\" decoding=\"async\" src=\"https:\/\/www.bakeca.it\/blog\/public\/uploads\/2023\/09\/mario-rodriguez-eWVKHGWnTnM-unsplash-1-1024x683.jpg\" alt=\"\" class=\"wp-image-26803\" width=\"768\" height=\"512\" srcset=\"https:\/\/www.bakeca.it\/blog\/public\/uploads\/2023\/09\/mario-rodriguez-eWVKHGWnTnM-unsplash-1-1024x683.jpg 1024w, https:\/\/www.bakeca.it\/blog\/public\/uploads\/2023\/09\/mario-rodriguez-eWVKHGWnTnM-unsplash-1-300x200.jpg 300w, https:\/\/www.bakeca.it\/blog\/public\/uploads\/2023\/09\/mario-rodriguez-eWVKHGWnTnM-unsplash-1-768x512.jpg 768w, https:\/\/www.bakeca.it\/blog\/public\/uploads\/2023\/09\/mario-rodriguez-eWVKHGWnTnM-unsplash-1-1536x1024.jpg 1536w, https:\/\/www.bakeca.it\/blog\/public\/uploads\/2023\/09\/mario-rodriguez-eWVKHGWnTnM-unsplash-1.jpg 1920w\" sizes=\"auto, (max-width: 768px) 100vw, 768px\" \/><\/figure>\n\n\n\n<h2 class=\"wp-block-heading\"><strong>3. Cina &#8211; Festa di Zhong Qiu<\/strong><\/h2>\n\n\n\n<p>In Cina, l&#8217;equinozio d&#8217;autunno \u00e8 celebrato con la Festa di Zhong Qiu, anche nota come &#8220;Festa di Met\u00e0 Autunno&#8221;. La festa cade il giorno 15 del settimo mese lunare che di solito corrisponde a settembre. Secondo la tradizione, sarebbe in questa data che la luna raggiunge il suo massimo splendore. Questa festa \u00e8 nata pi\u00f9 di tremila anni fa, in epoca imperiale. Ogni anno, l&#8217;imperatore faceva delle offerte alla luna per assicurarsi un futuro di prosperit\u00e0. Oggi, durante questa la festa di Zhong Qiu, le famiglie si riuniscono per contemplare insieme la luna gustando le tortine della luna, un dolce tradizionale ripieno di fagioli rossi, datteri rossi o pasta di semi di loto. <\/p>\n\n\n\n<h2 class=\"wp-block-heading\"><strong>4. Europa &#8211; Feste Tradizionali<\/strong><\/h2>\n\n\n\n<p>In Europa, l&#8217;equinozio d&#8217;autunno \u00e8 spesso associato a eventi folkloristici come l&#8217;Oktoberfest in Germania, la Festa dell&#8217;Equinozio in Francia e l&#8217;Harvest Festival in Inghilterra. Queste festivit\u00e0 sono spesso associate alla celebrazione del raccolto, e per questo coinvolgono cibi, bevande, musica e danze tradizionali.<\/p>\n\n\n\n<figure class=\"wp-block-image aligncenter size-large is-resized\"><img loading=\"lazy\" decoding=\"async\" src=\"https:\/\/www.bakeca.it\/blog\/public\/uploads\/2023\/09\/igor-omilaev-AtU2IcYz8rw-unsplash-1024x748.jpg\" alt=\"\" class=\"wp-image-26804\" width=\"768\" height=\"561\" srcset=\"https:\/\/www.bakeca.it\/blog\/public\/uploads\/2023\/09\/igor-omilaev-AtU2IcYz8rw-unsplash-1024x748.jpg 1024w, https:\/\/www.bakeca.it\/blog\/public\/uploads\/2023\/09\/igor-omilaev-AtU2IcYz8rw-unsplash-300x219.jpg 300w, https:\/\/www.bakeca.it\/blog\/public\/uploads\/2023\/09\/igor-omilaev-AtU2IcYz8rw-unsplash-768x561.jpg 768w, https:\/\/www.bakeca.it\/blog\/public\/uploads\/2023\/09\/igor-omilaev-AtU2IcYz8rw-unsplash-1536x1122.jpg 1536w, https:\/\/www.bakeca.it\/blog\/public\/uploads\/2023\/09\/igor-omilaev-AtU2IcYz8rw-unsplash.jpg 1920w\" sizes=\"auto, (max-width: 768px) 100vw, 768px\" \/><\/figure>\n\n\n\n<h2 class=\"wp-block-heading\"><strong>6. India &#8211; Navaratri o Durga Puja<\/strong><\/h2>\n\n\n\n<p>In India, sono molte le feste che si celebrano in prossimit\u00e0 dell&#8217;equinozio. Una delle pi\u00f9 famose \u00e8 il Navaratri, o Durga Puja a seconda della regione. La parola <strong>Navatri significa letteralmente &#8220;nove notti&#8221;, ed \u00e8 una festa religiosa che celebra ogni anno l&#8217;autunno<\/strong> (indovinate quanto dura?). Pu\u00f2 cadere nel mese di settembre o di ottobre, ed \u00e8 festeggiato in moltissime regioni dell&#8217;india. La festa celebra la vittoria di Durga, dea della protezione e la maternit\u00e0, contro il demone bufalo Mahishasura, grazie alla quale si ricostitu\u00ec il giusto ordine nell&#8217;universo.  \u00c8 caratterizzato da danze tradizionali, letture delle scritture, e rappresentazioni sceniche della battaglia. Le nove notti rappresentano anche un importante evento culturale legato alla stagione agricola. I devoti spesso festeggiano digiunando.<\/p>\n\n\n\n<h2 class=\"wp-block-heading\">Idee per festeggiare l&#8217;equinozio d&#8217;autunno<\/h2>\n\n\n\n<p>Adesso conoscete alcune delle pi\u00f9 belle feste per celebrare l&#8217;equinozio. Ma ricordatevi: non c&#8217;\u00e8 bisogno di andare dall&#8217;altra parte del mondo per festeggiare questo momento cos\u00ec speciale. Ovunque voi siate, l&#8217;equinozio d&#8217;autunno \u00e8 un momento perfetto per ristabilire la connessione con la natura e ringraziarla sulla sua generosit\u00e0. Anche una semplice passeggiate nel bosco pu\u00f2 trasformarsi in un magnifico rituale d&#8217;autunno! E se volete organizzare un viaggetto last-minute, ecco qualche proposta per voi:<\/p>\n\n\n\n<div class=\"wp-block-buttons is-layout-flex wp-block-buttons-is-layout-flex\">\n<div class=\"wp-block-button\"><a class=\"wp-block-button__link wp-element-button\" href=\"https:\/\/www.bakeca.it\/annunci\/case-vacanza\/\" target=\"_blank\" rel=\"noreferrer noopener\">Prenota una casa vacanza o un B&amp;B su Bakeca<\/a><\/div>\n<\/div>\n\n\n\n<p>Foto di <a href=\"https:\/\/unsplash.com\/@jeremythomasphoto?utm_source=unsplash&amp;utm_medium=referral&amp;utm_content=creditCopyText\">Jeremy Thomas<\/a>, <a href=\"https:\/\/unsplash.com\/@timothyeberly?utm_source=unsplash&amp;utm_medium=referral&amp;utm_content=creditCopyText\">Timothy Eberly<\/a>&nbsp;, <a href=\"https:\/\/unsplash.com\/@mgiovani?utm_source=unsplash&amp;utm_medium=referral&amp;utm_content=creditCopyText\">Mario Rodriguez<\/a> and <a href=\"https:\/\/unsplash.com\/@omilaev?utm_source=unsplash&amp;utm_medium=referral&amp;utm_content=creditCopyText\">Igor Omilaev<\/a> da <a href=\"https:\/\/unsplash.com\/photos\/O6N9RV2rzX8?utm_source=unsplash&amp;utm_medium=referral&amp;utm_content=creditCopyText\">Unsplash<\/a><\/p>\n","protected":false},"excerpt":{"rendered":"<p>L&#8217;autunno \u00e8 la stagione delle trasformazioni, e ogni cultura lo celebra in modo diverso. Come? Ve lo raccontiamo in quest&#8217;articolo.<\/p>\n","protected":false},"author":36,"featured_media":26759,"comment_status":"open","ping_status":"open","sticky":false,"template":"","format":"standard","meta":{"_acf_changed":false,"om_disable_all_campaigns":false,"footnotes":""},"categories":[3319],"tags":[],"editoriale":[3325],"class_list":["post-26758","post","type-post","status-publish","format-standard","has-post-thumbnail","hentry","category-storie-film-serie-tv-videogame","editoriale-in-evidenza"],"blocksy_meta":[],"acf":[],"yoast_head":"<!-- This site is optimized with the Yoast SEO plugin v27.1.1 - https:\/\/yoast.com\/product\/yoast-seo-wordpress\/ -->\n<title>Equinozio d&#039;autunno - i festeggiamenti nel mondo<\/title>\n<meta name=\"description\" content=\"L&#039;autunno \u00e8 la stagione delle trasformazioni, e ogni cultura lo celebra in modo diverso. Come? Ve lo raccontiamo in quest&#039;articolo.\" \/>\n<meta name=\"robots\" content=\"index, follow, max-snippet:-1, max-image-preview:large, max-video-preview:-1\" \/>\n<link rel=\"canonical\" href=\"https:\/\/www.bakeca.it\/blog\/equinozio-dautunno-i-festeggiamenti-nel-mondo\/\" \/>\n<meta property=\"og:locale\" content=\"it_IT\" \/>\n<meta property=\"og:type\" content=\"article\" \/>\n<meta property=\"og:title\" content=\"Equinozio d&#039;autunno - i festeggiamenti nel mondo\" \/>\n<meta property=\"og:description\" content=\"L&#039;autunno \u00e8 la stagione delle trasformazioni, e ogni cultura lo celebra in modo diverso. Come? Ve lo raccontiamo in quest&#039;articolo.\" \/>\n<meta property=\"og:url\" content=\"https:\/\/www.bakeca.it\/blog\/equinozio-dautunno-i-festeggiamenti-nel-mondo\/\" \/>\n<meta property=\"og:site_name\" content=\"Baklog\" \/>\n<meta property=\"article:published_time\" content=\"2023-09-19T15:21:27+00:00\" \/>\n<meta property=\"article:modified_time\" content=\"2023-11-15T09:04:21+00:00\" \/>\n<meta property=\"og:image\" content=\"https:\/\/www.bakeca.it\/blog\/public\/uploads\/2023\/09\/jeremy-thomas-O6N9RV2rzX8-unsplash.jpg\" \/>\n\t<meta property=\"og:image:width\" content=\"640\" \/>\n\t<meta property=\"og:image:height\" content=\"427\" \/>\n\t<meta property=\"og:image:type\" content=\"image\/jpeg\" \/>\n<meta name=\"author\" content=\"Flavia Di Mauro\" \/>\n<meta name=\"twitter:card\" content=\"summary_large_image\" \/>\n<meta name=\"twitter:label1\" content=\"Scritto da\" \/>\n\t<meta name=\"twitter:data1\" content=\"Flavia Di Mauro\" \/>\n\t<meta name=\"twitter:label2\" content=\"Tempo di lettura stimato\" \/>\n\t<meta name=\"twitter:data2\" content=\"5 minuti\" \/>\n<script type=\"application\/ld+json\" class=\"yoast-schema-graph\">{\"@context\":\"https:\/\/schema.org\",\"@graph\":[{\"@type\":\"Article\",\"@id\":\"https:\/\/www.bakeca.it\/blog\/equinozio-dautunno-i-festeggiamenti-nel-mondo\/#article\",\"isPartOf\":{\"@id\":\"https:\/\/www.bakeca.it\/blog\/equinozio-dautunno-i-festeggiamenti-nel-mondo\/\"},\"author\":{\"name\":\"Flavia Di Mauro\",\"@id\":\"https:\/\/www.bakeca.it\/blog\/#\/schema\/person\/c5618fe6f6b3b64042e88aa249cd9360\"},\"headline\":\"Equinozio d&#8217;autunno &#8211; i festeggiamenti nel mondo\",\"datePublished\":\"2023-09-19T15:21:27+00:00\",\"dateModified\":\"2023-11-15T09:04:21+00:00\",\"mainEntityOfPage\":{\"@id\":\"https:\/\/www.bakeca.it\/blog\/equinozio-dautunno-i-festeggiamenti-nel-mondo\/\"},\"wordCount\":803,\"commentCount\":0,\"publisher\":{\"@id\":\"https:\/\/www.bakeca.it\/blog\/#organization\"},\"image\":{\"@id\":\"https:\/\/www.bakeca.it\/blog\/equinozio-dautunno-i-festeggiamenti-nel-mondo\/#primaryimage\"},\"thumbnailUrl\":\"https:\/\/www.bakeca.it\/blog\/public\/uploads\/2023\/09\/jeremy-thomas-O6N9RV2rzX8-unsplash.jpg\",\"articleSection\":[\"Storie\"],\"inLanguage\":\"it-IT\",\"potentialAction\":[{\"@type\":\"CommentAction\",\"name\":\"Comment\",\"target\":[\"https:\/\/www.bakeca.it\/blog\/equinozio-dautunno-i-festeggiamenti-nel-mondo\/#respond\"]}]},{\"@type\":\"WebPage\",\"@id\":\"https:\/\/www.bakeca.it\/blog\/equinozio-dautunno-i-festeggiamenti-nel-mondo\/\",\"url\":\"https:\/\/www.bakeca.it\/blog\/equinozio-dautunno-i-festeggiamenti-nel-mondo\/\",\"name\":\"Equinozio d'autunno - i festeggiamenti nel mondo\",\"isPartOf\":{\"@id\":\"https:\/\/www.bakeca.it\/blog\/#website\"},\"primaryImageOfPage\":{\"@id\":\"https:\/\/www.bakeca.it\/blog\/equinozio-dautunno-i-festeggiamenti-nel-mondo\/#primaryimage\"},\"image\":{\"@id\":\"https:\/\/www.bakeca.it\/blog\/equinozio-dautunno-i-festeggiamenti-nel-mondo\/#primaryimage\"},\"thumbnailUrl\":\"https:\/\/www.bakeca.it\/blog\/public\/uploads\/2023\/09\/jeremy-thomas-O6N9RV2rzX8-unsplash.jpg\",\"datePublished\":\"2023-09-19T15:21:27+00:00\",\"dateModified\":\"2023-11-15T09:04:21+00:00\",\"description\":\"L'autunno \u00e8 la stagione delle trasformazioni, e ogni cultura lo celebra in modo diverso. Come? Ve lo raccontiamo in quest'articolo.\",\"breadcrumb\":{\"@id\":\"https:\/\/www.bakeca.it\/blog\/equinozio-dautunno-i-festeggiamenti-nel-mondo\/#breadcrumb\"},\"inLanguage\":\"it-IT\",\"potentialAction\":[{\"@type\":\"ReadAction\",\"target\":[\"https:\/\/www.bakeca.it\/blog\/equinozio-dautunno-i-festeggiamenti-nel-mondo\/\"]}]},{\"@type\":\"ImageObject\",\"inLanguage\":\"it-IT\",\"@id\":\"https:\/\/www.bakeca.it\/blog\/equinozio-dautunno-i-festeggiamenti-nel-mondo\/#primaryimage\",\"url\":\"https:\/\/www.bakeca.it\/blog\/public\/uploads\/2023\/09\/jeremy-thomas-O6N9RV2rzX8-unsplash.jpg\",\"contentUrl\":\"https:\/\/www.bakeca.it\/blog\/public\/uploads\/2023\/09\/jeremy-thomas-O6N9RV2rzX8-unsplash.jpg\",\"width\":640,\"height\":427},{\"@type\":\"BreadcrumbList\",\"@id\":\"https:\/\/www.bakeca.it\/blog\/equinozio-dautunno-i-festeggiamenti-nel-mondo\/#breadcrumb\",\"itemListElement\":[{\"@type\":\"ListItem\",\"position\":1,\"name\":\"Home\",\"item\":\"https:\/\/www.bakeca.it\/blog\/\"},{\"@type\":\"ListItem\",\"position\":2,\"name\":\"Equinozio d&#8217;autunno &#8211; i festeggiamenti nel mondo\"}]},{\"@type\":\"WebSite\",\"@id\":\"https:\/\/www.bakeca.it\/blog\/#website\",\"url\":\"https:\/\/www.bakeca.it\/blog\/\",\"name\":\"Baklog\",\"description\":\"Il blog di Bakeca\",\"publisher\":{\"@id\":\"https:\/\/www.bakeca.it\/blog\/#organization\"},\"potentialAction\":[{\"@type\":\"SearchAction\",\"target\":{\"@type\":\"EntryPoint\",\"urlTemplate\":\"https:\/\/www.bakeca.it\/blog\/?s={search_term_string}\"},\"query-input\":{\"@type\":\"PropertyValueSpecification\",\"valueRequired\":true,\"valueName\":\"search_term_string\"}}],\"inLanguage\":\"it-IT\"},{\"@type\":\"Organization\",\"@id\":\"https:\/\/www.bakeca.it\/blog\/#organization\",\"name\":\"Baklog\",\"url\":\"https:\/\/www.bakeca.it\/blog\/\",\"logo\":{\"@type\":\"ImageObject\",\"inLanguage\":\"it-IT\",\"@id\":\"https:\/\/www.bakeca.it\/blog\/#\/schema\/logo\/image\/\",\"url\":\"https:\/\/www.bakeca.it\/blog\/public\/uploads\/2021\/08\/Logo-Backlog.png\",\"contentUrl\":\"https:\/\/www.bakeca.it\/blog\/public\/uploads\/2021\/08\/Logo-Backlog.png\",\"width\":800,\"height\":273,\"caption\":\"Baklog\"},\"image\":{\"@id\":\"https:\/\/www.bakeca.it\/blog\/#\/schema\/logo\/image\/\"}},{\"@type\":\"Person\",\"@id\":\"https:\/\/www.bakeca.it\/blog\/#\/schema\/person\/c5618fe6f6b3b64042e88aa249cd9360\",\"name\":\"Flavia Di Mauro\",\"image\":{\"@type\":\"ImageObject\",\"inLanguage\":\"it-IT\",\"@id\":\"https:\/\/www.bakeca.it\/blog\/#\/schema\/person\/image\/\",\"url\":\"https:\/\/secure.gravatar.com\/avatar\/8d687795c9cc60532c5ed72bb3fb201ef4a0477d1be9fefc5f62fe4d56158c5f?s=96&d=mm&r=g\",\"contentUrl\":\"https:\/\/secure.gravatar.com\/avatar\/8d687795c9cc60532c5ed72bb3fb201ef4a0477d1be9fefc5f62fe4d56158c5f?s=96&d=mm&r=g\",\"caption\":\"Flavia Di Mauro\"},\"url\":\"https:\/\/www.bakeca.it\/blog\/author\/flavia-di-mauro\/\"}]}<\/script>\n<!-- \/ Yoast SEO plugin. -->","yoast_head_json":{"title":"Equinozio d'autunno - i festeggiamenti nel mondo","description":"L'autunno \u00e8 la stagione delle trasformazioni, e ogni cultura lo celebra in modo diverso. Come? Ve lo raccontiamo in quest'articolo.","robots":{"index":"index","follow":"follow","max-snippet":"max-snippet:-1","max-image-preview":"max-image-preview:large","max-video-preview":"max-video-preview:-1"},"canonical":"https:\/\/www.bakeca.it\/blog\/equinozio-dautunno-i-festeggiamenti-nel-mondo\/","og_locale":"it_IT","og_type":"article","og_title":"Equinozio d'autunno - i festeggiamenti nel mondo","og_description":"L'autunno \u00e8 la stagione delle trasformazioni, e ogni cultura lo celebra in modo diverso. Come? Ve lo raccontiamo in quest'articolo.","og_url":"https:\/\/www.bakeca.it\/blog\/equinozio-dautunno-i-festeggiamenti-nel-mondo\/","og_site_name":"Baklog","article_published_time":"2023-09-19T15:21:27+00:00","article_modified_time":"2023-11-15T09:04:21+00:00","og_image":[{"width":640,"height":427,"url":"https:\/\/www.bakeca.it\/blog\/public\/uploads\/2023\/09\/jeremy-thomas-O6N9RV2rzX8-unsplash.jpg","type":"image\/jpeg"}],"author":"Flavia Di Mauro","twitter_card":"summary_large_image","twitter_misc":{"Scritto da":"Flavia Di Mauro","Tempo di lettura stimato":"5 minuti"},"schema":{"@context":"https:\/\/schema.org","@graph":[{"@type":"Article","@id":"https:\/\/www.bakeca.it\/blog\/equinozio-dautunno-i-festeggiamenti-nel-mondo\/#article","isPartOf":{"@id":"https:\/\/www.bakeca.it\/blog\/equinozio-dautunno-i-festeggiamenti-nel-mondo\/"},"author":{"name":"Flavia Di Mauro","@id":"https:\/\/www.bakeca.it\/blog\/#\/schema\/person\/c5618fe6f6b3b64042e88aa249cd9360"},"headline":"Equinozio d&#8217;autunno &#8211; i festeggiamenti nel mondo","datePublished":"2023-09-19T15:21:27+00:00","dateModified":"2023-11-15T09:04:21+00:00","mainEntityOfPage":{"@id":"https:\/\/www.bakeca.it\/blog\/equinozio-dautunno-i-festeggiamenti-nel-mondo\/"},"wordCount":803,"commentCount":0,"publisher":{"@id":"https:\/\/www.bakeca.it\/blog\/#organization"},"image":{"@id":"https:\/\/www.bakeca.it\/blog\/equinozio-dautunno-i-festeggiamenti-nel-mondo\/#primaryimage"},"thumbnailUrl":"https:\/\/www.bakeca.it\/blog\/public\/uploads\/2023\/09\/jeremy-thomas-O6N9RV2rzX8-unsplash.jpg","articleSection":["Storie"],"inLanguage":"it-IT","potentialAction":[{"@type":"CommentAction","name":"Comment","target":["https:\/\/www.bakeca.it\/blog\/equinozio-dautunno-i-festeggiamenti-nel-mondo\/#respond"]}]},{"@type":"WebPage","@id":"https:\/\/www.bakeca.it\/blog\/equinozio-dautunno-i-festeggiamenti-nel-mondo\/","url":"https:\/\/www.bakeca.it\/blog\/equinozio-dautunno-i-festeggiamenti-nel-mondo\/","name":"Equinozio d'autunno - i festeggiamenti nel mondo","isPartOf":{"@id":"https:\/\/www.bakeca.it\/blog\/#website"},"primaryImageOfPage":{"@id":"https:\/\/www.bakeca.it\/blog\/equinozio-dautunno-i-festeggiamenti-nel-mondo\/#primaryimage"},"image":{"@id":"https:\/\/www.bakeca.it\/blog\/equinozio-dautunno-i-festeggiamenti-nel-mondo\/#primaryimage"},"thumbnailUrl":"https:\/\/www.bakeca.it\/blog\/public\/uploads\/2023\/09\/jeremy-thomas-O6N9RV2rzX8-unsplash.jpg","datePublished":"2023-09-19T15:21:27+00:00","dateModified":"2023-11-15T09:04:21+00:00","description":"L'autunno \u00e8 la stagione delle trasformazioni, e ogni cultura lo celebra in modo diverso. Come? Ve lo raccontiamo in quest'articolo.","breadcrumb":{"@id":"https:\/\/www.bakeca.it\/blog\/equinozio-dautunno-i-festeggiamenti-nel-mondo\/#breadcrumb"},"inLanguage":"it-IT","potentialAction":[{"@type":"ReadAction","target":["https:\/\/www.bakeca.it\/blog\/equinozio-dautunno-i-festeggiamenti-nel-mondo\/"]}]},{"@type":"ImageObject","inLanguage":"it-IT","@id":"https:\/\/www.bakeca.it\/blog\/equinozio-dautunno-i-festeggiamenti-nel-mondo\/#primaryimage","url":"https:\/\/www.bakeca.it\/blog\/public\/uploads\/2023\/09\/jeremy-thomas-O6N9RV2rzX8-unsplash.jpg","contentUrl":"https:\/\/www.bakeca.it\/blog\/public\/uploads\/2023\/09\/jeremy-thomas-O6N9RV2rzX8-unsplash.jpg","width":640,"height":427},{"@type":"BreadcrumbList","@id":"https:\/\/www.bakeca.it\/blog\/equinozio-dautunno-i-festeggiamenti-nel-mondo\/#breadcrumb","itemListElement":[{"@type":"ListItem","position":1,"name":"Home","item":"https:\/\/www.bakeca.it\/blog\/"},{"@type":"ListItem","position":2,"name":"Equinozio d&#8217;autunno &#8211; i festeggiamenti nel mondo"}]},{"@type":"WebSite","@id":"https:\/\/www.bakeca.it\/blog\/#website","url":"https:\/\/www.bakeca.it\/blog\/","name":"Baklog","description":"Il blog di Bakeca","publisher":{"@id":"https:\/\/www.bakeca.it\/blog\/#organization"},"potentialAction":[{"@type":"SearchAction","target":{"@type":"EntryPoint","urlTemplate":"https:\/\/www.bakeca.it\/blog\/?s={search_term_string}"},"query-input":{"@type":"PropertyValueSpecification","valueRequired":true,"valueName":"search_term_string"}}],"inLanguage":"it-IT"},{"@type":"Organization","@id":"https:\/\/www.bakeca.it\/blog\/#organization","name":"Baklog","url":"https:\/\/www.bakeca.it\/blog\/","logo":{"@type":"ImageObject","inLanguage":"it-IT","@id":"https:\/\/www.bakeca.it\/blog\/#\/schema\/logo\/image\/","url":"https:\/\/www.bakeca.it\/blog\/public\/uploads\/2021\/08\/Logo-Backlog.png","contentUrl":"https:\/\/www.bakeca.it\/blog\/public\/uploads\/2021\/08\/Logo-Backlog.png","width":800,"height":273,"caption":"Baklog"},"image":{"@id":"https:\/\/www.bakeca.it\/blog\/#\/schema\/logo\/image\/"}},{"@type":"Person","@id":"https:\/\/www.bakeca.it\/blog\/#\/schema\/person\/c5618fe6f6b3b64042e88aa249cd9360","name":"Flavia Di Mauro","image":{"@type":"ImageObject","inLanguage":"it-IT","@id":"https:\/\/www.bakeca.it\/blog\/#\/schema\/person\/image\/","url":"https:\/\/secure.gravatar.com\/avatar\/8d687795c9cc60532c5ed72bb3fb201ef4a0477d1be9fefc5f62fe4d56158c5f?s=96&d=mm&r=g","contentUrl":"https:\/\/secure.gravatar.com\/avatar\/8d687795c9cc60532c5ed72bb3fb201ef4a0477d1be9fefc5f62fe4d56158c5f?s=96&d=mm&r=g","caption":"Flavia Di Mauro"},"url":"https:\/\/www.bakeca.it\/blog\/author\/flavia-di-mauro\/"}]}},"amp_enabled":true,"_links":{"self":[{"href":"https:\/\/www.bakeca.it\/blog\/wp-json\/wp\/v2\/posts\/26758","targetHints":{"allow":["GET"]}}],"collection":[{"href":"https:\/\/www.bakeca.it\/blog\/wp-json\/wp\/v2\/posts"}],"about":[{"href":"https:\/\/www.bakeca.it\/blog\/wp-json\/wp\/v2\/types\/post"}],"author":[{"embeddable":true,"href":"https:\/\/www.bakeca.it\/blog\/wp-json\/wp\/v2\/users\/36"}],"replies":[{"embeddable":true,"href":"https:\/\/www.bakeca.it\/blog\/wp-json\/wp\/v2\/comments?post=26758"}],"version-history":[{"count":2,"href":"https:\/\/www.bakeca.it\/blog\/wp-json\/wp\/v2\/posts\/26758\/revisions"}],"predecessor-version":[{"id":26811,"href":"https:\/\/www.bakeca.it\/blog\/wp-json\/wp\/v2\/posts\/26758\/revisions\/26811"}],"wp:featuredmedia":[{"embeddable":true,"href":"https:\/\/www.bakeca.it\/blog\/wp-json\/wp\/v2\/media\/26759"}],"wp:attachment":[{"href":"https:\/\/www.bakeca.it\/blog\/wp-json\/wp\/v2\/media?parent=26758"}],"wp:term":[{"taxonomy":"category","embeddable":true,"href":"https:\/\/www.bakeca.it\/blog\/wp-json\/wp\/v2\/categories?post=26758"},{"taxonomy":"post_tag","embeddable":true,"href":"https:\/\/www.bakeca.it\/blog\/wp-json\/wp\/v2\/tags?post=26758"},{"taxonomy":"editoriale","embeddable":true,"href":"https:\/\/www.bakeca.it\/blog\/wp-json\/wp\/v2\/editoriale?post=26758"}],"curies":[{"name":"wp","href":"https:\/\/api.w.org\/{rel}","templated":true}]}}